{"id":2253,"date":"2024-11-29T16:38:28","date_gmt":"2024-11-29T16:38:28","guid":{"rendered":"https:\/\/projetosdobrasil.com\/?p=2253"},"modified":"2026-09-04T17:16:38","modified_gmt":"2026-09-04T17:16:38","slug":"como-as-cores-moldam-nosso-ambiente-e-saude-mental-o-impacto-do-minimalismo-monocromatico","status":"publish","type":"post","link":"https:\/\/ferramentasparaconstrucao.com.br\/?p=2253","title":{"rendered":"Como as Cores Moldam Nosso Ambiente e Sa\u00fade Mental: O Impacto do Minimalismo Monocrom\u00e1tico"},"content":{"rendered":"\n<p class=\"wp-block-paragraph\"><\/p>\n\n\n\n<p class=\"wp-block-paragraph\">Nos \u00faltimos anos, algo curioso vem acontecendo no design de interiores, arquitetura e at\u00e9 mesmo na ind\u00fastria de bens de consumo: as cores est\u00e3o desaparecendo. Os eletrodom\u00e9sticos, autom\u00f3veis e edif\u00edcios t\u00eam adotado tons predominantemente brancos, cinzas ou neutros, criando ambientes monocrom\u00e1ticos que, embora modernos, podem ter implica\u00e7\u00f5es profundas na sa\u00fade mental das pessoas.<\/p>\n\n\n\n<p class=\"wp-block-paragraph\">Este artigo explora como as cores influenciam o ambiente em que vivemos e como a tend\u00eancia minimalista atual pode estar afetando nosso bem-estar emocional. Voc\u00ea entender\u00e1 a import\u00e2ncia das cores para o c\u00e9rebro humano, o impacto psicol\u00f3gico dos ambientes monocrom\u00e1ticos e por que devemos repensar a paleta de cores que nos cerca.<\/p>\n\n\n\n<h4 class=\"wp-block-heading\"><strong>A Influ\u00eancia das Cores no Nosso Ambiente e Bem-Estar<\/strong><\/h4>\n\n\n\n<p class=\"wp-block-paragraph\">Desde os tempos antigos, as cores t\u00eam desempenhado um papel fundamental na maneira como percebemos o mundo. Estudos mostram que diferentes cores evocam emo\u00e7\u00f5es espec\u00edficas, influenciando nosso humor, comportamento e at\u00e9 mesmo nossa produtividade. Por exemplo:<\/p>\n\n\n\n<ul class=\"wp-block-list\">\n<li><strong>Azul:<\/strong> associado \u00e0 calma, confian\u00e7a e serenidade.<\/li>\n\n\n\n<li><strong>Amarelo:<\/strong> estimula a criatividade e evoca felicidade.<\/li>\n\n\n\n<li><strong>Vermelho:<\/strong> desperta energia, paix\u00e3o e at\u00e9 aumenta a frequ\u00eancia card\u00edaca.<\/li>\n\n\n\n<li><strong>Verde:<\/strong> remete \u00e0 natureza e equil\u00edbrio, promovendo sensa\u00e7\u00e3o de relaxamento.<\/li>\n<\/ul>\n\n\n\n<p class=\"wp-block-paragraph\">Entretanto, \u00e0 medida que o minimalismo monocrom\u00e1tico ganha espa\u00e7o, com predomin\u00e2ncia de brancos, cinzas e pretos, essas emo\u00e7\u00f5es podem se tornar reprimidas, resultando em ambientes visualmente frios e emocionalmente desgastantes.<\/p>\n\n\n\n<hr class=\"wp-block-separator has-alpha-channel-opacity\"\/>\n\n\n\n<h4 class=\"wp-block-heading\"><strong>Como o Minimalismo Monocrom\u00e1tico Ganhou Espa\u00e7o<\/strong><\/h4>\n\n\n\n<p class=\"wp-block-paragraph\">A prefer\u00eancia por tons neutros \u00e9 reflexo de mudan\u00e7as culturais e econ\u00f4micas. O branco e o cinza simbolizam modernidade, simplicidade e limpeza, atributos valorizados no design contempor\u00e2neo. Al\u00e9m disso, tons neutros s\u00e3o vers\u00e1teis e considerados atemporais, combinando facilmente com qualquer decora\u00e7\u00e3o.<\/p>\n\n\n\n<p class=\"wp-block-paragraph\">Por\u00e9m, essa tend\u00eancia tem um custo psicol\u00f3gico. Ambientes excessivamente neutros podem gerar apatia, falta de est\u00edmulo visual e at\u00e9 mesmo aumentar a sensa\u00e7\u00e3o de solid\u00e3o, conforme apontam estudos de psicologia ambiental.<\/p>\n\n\n\n<hr class=\"wp-block-separator has-alpha-channel-opacity\"\/>\n\n\n\n<h4 class=\"wp-block-heading\"><strong>Os Impactos na Sa\u00fade Mental de Ambientes Sem Cor<\/strong><\/h4>\n\n\n\n<p class=\"wp-block-paragraph\">Pesquisas indicam que a aus\u00eancia de cores vibrantes em ambientes internos e externos pode:<\/p>\n\n\n\n<ul class=\"wp-block-list\">\n<li>Aumentar o risco de depress\u00e3o.<\/li>\n\n\n\n<li>Reduzir a criatividade e a motiva\u00e7\u00e3o.<\/li>\n\n\n\n<li>Prejudicar o senso de pertencimento em espa\u00e7os urbanos.<\/li>\n<\/ul>\n\n\n\n<p class=\"wp-block-paragraph\">Por outro lado, espa\u00e7os projetados com paletas de cores equilibradas podem melhorar o humor e at\u00e9 aumentar a sensa\u00e7\u00e3o de acolhimento. Isso explica por que hospitais e escolas est\u00e3o gradualmente reintroduzindo cores para beneficiar pacientes e alunos.<\/p>\n\n\n\n<hr class=\"wp-block-separator has-alpha-channel-opacity\"\/>\n\n\n\n<p class=\"has-text-align-center wp-block-paragraph\"><\/p>\n\n\n\n<h3 class=\"wp-block-heading\"><strong>Como Reverter a Tend\u00eancia e Reintroduzir as Cores no Dia a Dia<\/strong><\/h3>\n\n\n\n<p class=\"wp-block-paragraph\">Reintroduzir cores em ambientes n\u00e3o significa abandonar o minimalismo, mas sim equilibr\u00e1-lo. Veja algumas estrat\u00e9gias pr\u00e1ticas para trazer mais vida aos espa\u00e7os sem comprometer a modernidade:<\/p>\n\n\n\n<ol class=\"wp-block-list\">\n<li><strong>Elementos decorativos coloridos:<\/strong><br>Adicione almofadas, cortinas ou quadros com tons vibrantes para criar contraste.<\/li>\n\n\n\n<li><strong>Plantas e elementos naturais:<\/strong><br>O verde das plantas n\u00e3o s\u00f3 enriquece visualmente o espa\u00e7o, mas tamb\u00e9m melhora a qualidade do ar e reduz o estresse.<\/li>\n\n\n\n<li><strong>Uso consciente de cores em paredes:<\/strong><br>Uma parede em destaque pintada de uma cor quente ou reconfortante pode transformar o ambiente sem torn\u00e1-lo sobrecarregado.<\/li>\n\n\n\n<li><strong>Paletas neutras com detalhes coloridos:<\/strong><br>Combine tons cinza ou branco com toques de cores energizantes, como amarelo mostarda ou azul cobalto.<\/li>\n<\/ol>\n\n\n\n<hr class=\"wp-block-separator has-alpha-channel-opacity\"\/>\n\n\n\n<h3 class=\"wp-block-heading\"><strong>Por Que Cores S\u00e3o Essenciais em Ambientes Urbanos<\/strong><\/h3>\n\n\n\n<p class=\"wp-block-paragraph\">As cidades modernas tamb\u00e9m t\u00eam seguido a tend\u00eancia monocrom\u00e1tica. Fachadas brancas ou cinzas, ruas asfaltadas e pr\u00e9dios com designs s\u00f3brios t\u00eam dominado os cen\u00e1rios urbanos. Entretanto, iniciativas de urbanismo que utilizam cores vibrantes est\u00e3o mostrando resultados surpreendentes:<\/p>\n\n\n\n<ul class=\"wp-block-list\">\n<li><strong>Casas coloridas em vilarejos e bairros hist\u00f3ricos:<\/strong> tornam as comunidades mais convidativas e aumentam o turismo.<\/li>\n\n\n\n<li><strong>Arte urbana e murais:<\/strong> trazem identidade cultural e criam pontos de encontro para a comunidade.<\/li>\n\n\n\n<li><strong>Espa\u00e7os p\u00fablicos repaginados com cores:<\/strong> ajudam a reduzir o estresse e aumentar a sensa\u00e7\u00e3o de seguran\u00e7a.<\/li>\n<\/ul>\n\n\n\n<p class=\"wp-block-paragraph\"><strong>Exemplo inspirador:<\/strong> Medell\u00edn, na Col\u00f4mbia, transformou bairros antes marginalizados ao incluir cores vibrantes em fachadas e \u00e1reas p\u00fablicas, gerando impactos positivos na autoestima dos moradores e no turismo local.<\/p>\n\n\n\n<p class=\"has-text-align-center wp-block-paragraph\">Comuna 13, a favela em Medell\u00edn que se tornou atra\u00e7\u00e3o tur\u00edstica<\/p>\n\n\n\n<p class=\"wp-block-paragraph\"><\/p>\n\n\n\n<h3 class=\"wp-block-heading\">Conclus\u00e3o<\/h3>\n\n\n\n<p class=\"wp-block-paragraph\">As cores s\u00e3o mais do que elementos decorativos; elas moldam nossas emo\u00e7\u00f5es, influenciam comportamentos e desempenham um papel vital em nosso bem-estar. A tend\u00eancia minimalista monocrom\u00e1tica, apesar de esteticamente elegante, est\u00e1 privando muitos ambientes da energia e da personalidade que as cores podem oferecer.<\/p>\n\n\n\n<p class=\"wp-block-paragraph\">Ao reintroduzirmos cores em nossas casas, cidades e objetos do dia a dia, n\u00e3o apenas criamos espa\u00e7os mais vivos e acolhedores, mas tamb\u00e9m promovemos sa\u00fade mental e qualidade de vida. Que tal come\u00e7ar com pequenas mudan\u00e7as? Um quadro colorido, um toque de verde com plantas, ou at\u00e9 mesmo uma parede em destaque podem fazer toda a diferen\u00e7a.<\/p>\n\n\n\n<hr class=\"wp-block-separator has-alpha-channel-opacity\"\/>\n\n\n\n<p class=\"wp-block-paragraph\">Se voc\u00ea tamb\u00e9m sente falta de cor em seu ambiente, experimente trazer um pouco mais de vida para o seu espa\u00e7o!<br>Compartilhe este artigo com seus amigos e comente abaixo como as cores influenciam sua vida.<\/p>\n\n\n\n<p class=\"wp-block-paragraph\"><\/p>\n","protected":false},"excerpt":{"rendered":"<p>Nos \u00faltimos anos, algo curioso vem acontecendo no design de interiores, arquitetura e at\u00e9 mesmo na ind\u00fastria de bens de consumo: as cores est\u00e3o desaparecendo. Os eletrodom\u00e9sticos, autom\u00f3veis e edif\u00edcios t\u00eam adotado tons predominantemente brancos, cinzas ou neutros, criando ambientes monocrom\u00e1ticos que, embora modernos, podem ter implica\u00e7\u00f5es profundas na sa\u00fade mental das pessoas. Este artigo [&hellip;]<\/p>\n","protected":false},"author":1,"featured_media":2266,"comment_status":"open","ping_status":"open","sticky":false,"template":"","format":"standard","meta":{"footnotes":""},"categories":[531],"tags":[503,506,507],"tipo_de_conteudo":[],"marca":[],"tipo_de_produto":[],"class_list":["post-2253","post","type-post","status-publish","format-standard","has-post-thumbnail","hentry","category-blog","tag-cores","tag-minimalismo","tag-saude-mental"],"blocksy_meta":{"styles_descriptor":{"styles":{"desktop":"","tablet":"","mobile":""},"google_fonts":[],"version":8}},"_links":{"self":[{"href":"https:\/\/ferramentasparaconstrucao.com.br\/index.php?rest_route=\/wp\/v2\/posts\/2253","targetHints":{"allow":["GET"]}}],"collection":[{"href":"https:\/\/ferramentasparaconstrucao.com.br\/index.php?rest_route=\/wp\/v2\/posts"}],"about":[{"href":"https:\/\/ferramentasparaconstrucao.com.br\/index.php?rest_route=\/wp\/v2\/types\/post"}],"author":[{"embeddable":true,"href":"https:\/\/ferramentasparaconstrucao.com.br\/index.php?rest_route=\/wp\/v2\/users\/1"}],"replies":[{"embeddable":true,"href":"https:\/\/ferramentasparaconstrucao.com.br\/index.php?rest_route=%2Fwp%2Fv2%2Fcomments&post=2253"}],"version-history":[{"count":1,"href":"https:\/\/ferramentasparaconstrucao.com.br\/index.php?rest_route=\/wp\/v2\/posts\/2253\/revisions"}],"predecessor-version":[{"id":4460,"href":"https:\/\/ferramentasparaconstrucao.com.br\/index.php?rest_route=\/wp\/v2\/posts\/2253\/revisions\/4460"}],"wp:featuredmedia":[{"embeddable":true,"href":"https:\/\/ferramentasparaconstrucao.com.br\/index.php?rest_route=\/wp\/v2\/media\/2266"}],"wp:attachment":[{"href":"https:\/\/ferramentasparaconstrucao.com.br\/index.php?rest_route=%2Fwp%2Fv2%2Fmedia&parent=2253"}],"wp:term":[{"taxonomy":"category","embeddable":true,"href":"https:\/\/ferramentasparaconstrucao.com.br\/index.php?rest_route=%2Fwp%2Fv2%2Fcategories&post=2253"},{"taxonomy":"post_tag","embeddable":true,"href":"https:\/\/ferramentasparaconstrucao.com.br\/index.php?rest_route=%2Fwp%2Fv2%2Ftags&post=2253"},{"taxonomy":"tipo_de_conteudo","embeddable":true,"href":"https:\/\/ferramentasparaconstrucao.com.br\/index.php?rest_route=%2Fwp%2Fv2%2Ftipo_de_conteudo&post=2253"},{"taxonomy":"marca","embeddable":true,"href":"https:\/\/ferramentasparaconstrucao.com.br\/index.php?rest_route=%2Fwp%2Fv2%2Fmarca&post=2253"},{"taxonomy":"tipo_de_produto","embeddable":true,"href":"https:\/\/ferramentasparaconstrucao.com.br\/index.php?rest_route=%2Fwp%2Fv2%2Ftipo_de_produto&post=2253"}],"curies":[{"name":"wp","href":"https:\/\/api.w.org\/{rel}","templated":true}]}}