{"id":1168,"date":"2024-11-18T17:53:15","date_gmt":"2024-11-18T17:53:15","guid":{"rendered":"https:\/\/projetosdobrasil.com\/?p=1168"},"modified":"2026-09-04T17:17:13","modified_gmt":"2026-09-04T17:17:13","slug":"senna-tower-o-novo-icone-da-arquitetura","status":"publish","type":"post","link":"https:\/\/ferramentasparaconstrucao.com.br\/?p=1168","title":{"rendered":"Senna Tower: O Novo \u00cdcone da Arquitetura Mundial Inspirado em Ayrton Senna"},"content":{"rendered":"\n<p class=\"wp-block-paragraph\">Balne\u00e1rio Cambori\u00fa, em Santa Catarina, mais uma vez se destaca no cen\u00e1rio mundial com a constru\u00e7\u00e3o do <strong>Senna Tower<\/strong>, que promete ser o arranha-c\u00e9u residencial mais alto do planeta. Inspirado na trajet\u00f3ria do piloto Ayrton Senna, este projeto grandioso n\u00e3o apenas redefine os limites da engenharia, mas tamb\u00e9m \u00e9 um tributo \u00e0 busca incessante pela supera\u00e7\u00e3o de limites.<\/p>\n\n\n\n<p class=\"wp-block-paragraph\">Com mais de 500 metros de altura, o edif\u00edcio assinado pela FG Empreendimentos \u00e9 uma obra-prima que une arte, engenharia de ponta e uma homenagem ao esp\u00edrito indom\u00e1vel de Senna. O conceito, desenvolvido por Lalalli Senna, artista pl\u00e1stica e sobrinha do piloto, busca materializar valores como coragem, resili\u00eancia e \u00e9tica \u2014 caracter\u00edsticas que definiram Ayrton Senna dentro e fora das pistas.<\/p>\n\n\n\n<hr class=\"wp-block-separator has-alpha-channel-opacity\"\/>\n\n\n\n<p class=\"wp-block-paragraph\"><\/p>\n\n\n\n<h3 class=\"wp-block-heading\"><strong>Arquitetura Inspirada na Jornada do Her\u00f3i<\/strong><\/h3>\n\n\n\n<p class=\"wp-block-paragraph\">A estrutura do Senna Tower \u00e9 mais do que um s\u00edmbolo de inova\u00e7\u00e3o; \u00e9 uma representa\u00e7\u00e3o arquitet\u00f4nica da \u201cJornada do Her\u00f3i\u201d. Segundo Lalalli, a forma da torre utiliza linhas retas e curvas que expressam a trajet\u00f3ria humana em busca de ideais elevados. A curva que sobe em dire\u00e7\u00e3o ao eixo vertical sem toc\u00e1-lo reflete a ess\u00eancia de Senna: um ser humano que, embora imperfeito, nunca deixou de aspirar \u00e0 perfei\u00e7\u00e3o.<\/p>\n\n\n\n<p class=\"wp-block-paragraph\">Esse simbolismo confere ao edif\u00edcio um significado que vai al\u00e9m da fun\u00e7\u00e3o residencial. O Senna Tower \u00e9 descrito por sua criadora como \u201cuma obra de arte em propor\u00e7\u00f5es monumentais\u201d, destacando-se n\u00e3o apenas pela altura, mas pelo impacto cultural e emocional que promete trazer.<\/p>\n\n\n\n<hr class=\"wp-block-separator has-alpha-channel-opacity\"\/>\n\n\n\n<h3 class=\"wp-block-heading\"><strong>Detalhes da Constru\u00e7\u00e3o e Estrutura Inovadora<\/strong><\/h3>\n\n\n\n<p class=\"wp-block-paragraph\">O projeto, que demandar\u00e1 um investimento de cerca de R$ 3 bilh\u00f5es, est\u00e1 previsto para iniciar em 2025 e contar\u00e1 com 228 unidades residenciais, divididas em categorias que incluem:<\/p>\n\n\n\n<ul class=\"wp-block-list\">\n<li><strong>18 mans\u00f5es suspensas<\/strong>, com \u00e1reas que chegam a 563 m\u00b2.<\/li>\n\n\n\n<li><strong>204 apartamentos<\/strong> de at\u00e9 400 m\u00b2.<\/li>\n\n\n\n<li><strong>4 coberturas duplex<\/strong> de 600 m\u00b2.<\/li>\n\n\n\n<li><strong>2 coberturas triplex<\/strong> de impressionantes 903 m\u00b2.<\/li>\n<\/ul>\n\n\n\n<p class=\"wp-block-paragraph\">Al\u00e9m disso, a edifica\u00e7\u00e3o incluir\u00e1 oito elevadores de ultravelocidade e seis pavimentos exclusivos para lazer, totalizando mais de 6 mil m\u00b2 de \u00e1reas dedicadas ao conforto e entretenimento dos moradores.<\/p>\n\n\n\n<p class=\"wp-block-paragraph\">Um dos destaques t\u00e9cnicos do Senna Tower \u00e9 a implementa\u00e7\u00e3o do <strong>Tuned Mass Damper (TMD)<\/strong>, um sistema pioneiro na Am\u00e9rica Latina para mitigar os efeitos de vibra\u00e7\u00f5es causadas por ventos fortes e outros fatores externos. Esse dispositivo garante estabilidade estrutural e conforto aos ocupantes, mesmo em alturas extremas.<\/p>\n\n\n\n<hr class=\"wp-block-separator has-alpha-channel-opacity\"\/>\n\n\n\n<h3 class=\"wp-block-heading\"><strong>Mans\u00f5es Suspensas: O Novo Conceito de Luxo no Ar<\/strong><\/h3>\n\n\n\n<p class=\"wp-block-paragraph\">O conceito de \u201cmans\u00f5es suspensas\u201d promete revolucionar o mercado imobili\u00e1rio de alto padr\u00e3o. Essas unidades combinam o melhor dos apartamentos de luxo com caracter\u00edsticas t\u00edpicas de uma resid\u00eancia em terra firme. Amplos terra\u00e7os ao redor da unidade oferecem vistas panor\u00e2micas e a sensa\u00e7\u00e3o de estar em uma casa, mesmo a centenas de metros do solo.<\/p>\n\n\n\n<p class=\"wp-block-paragraph\">Essa inova\u00e7\u00e3o reflete o esp\u00edrito do Senna Tower: superar limites e transformar paradigmas, entregando aos moradores uma experi\u00eancia residencial sem precedentes.<\/p>\n\n\n\n<hr class=\"wp-block-separator has-alpha-channel-opacity\"\/>\n\n\n\n<h3 class=\"wp-block-heading\"><strong>Certifica\u00e7\u00e3o LEED Platinum e Sustentabilidade<\/strong><\/h3>\n\n\n\n<p class=\"wp-block-paragraph\">Al\u00e9m do luxo e da inova\u00e7\u00e3o, o Senna Tower est\u00e1 alinhado com pr\u00e1ticas sustent\u00e1veis, buscando a certifica\u00e7\u00e3o <strong>LEED Platinum<\/strong>, uma das mais respeitadas no setor de constru\u00e7\u00e3o civil. Essa certifica\u00e7\u00e3o avalia aspectos como efici\u00eancia energ\u00e9tica, uso respons\u00e1vel de recursos naturais e impacto ambiental reduzido.<\/p>\n\n\n\n<p class=\"wp-block-paragraph\">Esse compromisso reflete n\u00e3o apenas a vis\u00e3o de sustentabilidade da FG Empreendimentos, mas tamb\u00e9m a conex\u00e3o com os valores de Ayrton Senna, que sempre defendeu a harmonia entre tecnologia e \u00e9tica.<\/p>\n\n\n\n<hr class=\"wp-block-separator has-alpha-channel-opacity\"\/>\n\n\n\n<h3 class=\"wp-block-heading\"><strong>Balne\u00e1rio Cambori\u00fa: O Ber\u00e7o dos Gigantes<\/strong><\/h3>\n\n\n\n<p class=\"wp-block-paragraph\">Balne\u00e1rio Cambori\u00fa n\u00e3o \u00e9 apenas o lar do Senna Tower, mas tamb\u00e9m de outros \u00edcones arquitet\u00f4nicos, como o Yachthouse by Pininfarina, com 294,1 metros. A cidade, conhecida por seu skyline impressionante e por ter o metro quadrado mais caro do Brasil, se consolida como um dos polos de arquitetura vertical mais importantes do mundo.<\/p>\n\n\n\n<p class=\"wp-block-paragraph\">Com oito dos dez pr\u00e9dios mais altos do pa\u00eds, Balne\u00e1rio Cambori\u00fa atrai n\u00e3o apenas investidores, mas tamb\u00e9m turistas e residentes em busca de experi\u00eancias \u00fanicas e exclusivas.<\/p>\n\n\n\n<hr class=\"wp-block-separator has-alpha-channel-opacity\"\/>\n\n\n\n<h3 class=\"wp-block-heading\"><strong>A Marca Senna no Mercado Imobili\u00e1rio<\/strong><\/h3>\n\n\n\n<p class=\"wp-block-paragraph\">A chegada da marca Senna ao setor imobili\u00e1rio \u00e9 um marco. Segundo Bianca Senna, CEO da Senna Brands, o empreendimento simboliza o esp\u00edrito de Ayrton, transcende gera\u00e7\u00f5es e oferece um legado de inspira\u00e7\u00e3o.<\/p>\n\n\n\n<p class=\"wp-block-paragraph\">\u201cO Senna Tower n\u00e3o \u00e9 apenas um edif\u00edcio. \u00c9 um monumento que visa transformar-se em um s\u00edmbolo de supera\u00e7\u00e3o e inspira\u00e7\u00e3o\u201d, destaca Bianca.<\/p>\n\n\n\n<p class=\"wp-block-paragraph\">Essa conex\u00e3o entre arquitetura, arte e valores humanos refor\u00e7a a mensagem de que o edif\u00edcio vai al\u00e9m de suas fun\u00e7\u00f5es pr\u00e1ticas, tornando-se uma fonte de motiva\u00e7\u00e3o para todos os que o contemplarem.<\/p>\n\n\n\n<hr class=\"wp-block-separator has-alpha-channel-opacity\"\/>\n\n\n\n<h3 class=\"wp-block-heading\"><strong>O Futuro da Engenharia e da Arquitetura no Brasil<\/strong><\/h3>\n\n\n\n<p class=\"wp-block-paragraph\">O Senna Tower representa uma nova era para a constru\u00e7\u00e3o civil no Brasil. Combinando tecnologia de ponta, design ic\u00f4nico e valores inspiradores, o projeto promete ser uma refer\u00eancia mundial para arranha-c\u00e9us residenciais.<\/p>\n\n\n\n<p class=\"wp-block-paragraph\">\u00c0 medida que o mercado imobili\u00e1rio se torna mais competitivo, empreendimentos como esse mostram que \u00e9 poss\u00edvel inovar sem abrir m\u00e3o da funcionalidade e da sustentabilidade. O legado de Ayrton Senna, agora perpetuado em um edif\u00edcio, \u00e9 uma lembran\u00e7a de que os limites existem apenas para serem superados.<\/p>\n\n\n\n<hr class=\"wp-block-separator has-alpha-channel-opacity\"\/>\n\n\n\n<h3 class=\"wp-block-heading\"><strong>Conclus\u00e3o<\/strong><\/h3>\n\n\n\n<p class=\"wp-block-paragraph\">Mais do que um pr\u00e9dio, o Senna Tower \u00e9 um testemunho da capacidade humana de sonhar e realizar. Com uma proposta que une arte, engenharia e simbolismo, o maior arranha-c\u00e9u residencial do mundo ser\u00e1 um marco para o Brasil e para o mundo.<\/p>\n\n\n\n<p class=\"wp-block-paragraph\">Balne\u00e1rio Cambori\u00fa, com sua voca\u00e7\u00e3o para a verticaliza\u00e7\u00e3o, ser\u00e1 o cen\u00e1rio ideal para esta obra-prima, que inspira n\u00e3o apenas seus futuros moradores, mas todos os que acreditam no poder transformador da arquitetura e da supera\u00e7\u00e3o humana.<\/p>\n\n\n\n<p class=\"wp-block-paragraph\"><\/p>\n","protected":false},"excerpt":{"rendered":"<p>Balne\u00e1rio Cambori\u00fa, em Santa Catarina, mais uma vez se destaca no cen\u00e1rio mundial com a constru\u00e7\u00e3o do Senna Tower, que promete ser o arranha-c\u00e9u residencial mais alto do planeta. Inspirado na trajet\u00f3ria do piloto Ayrton Senna, este projeto grandioso n\u00e3o apenas redefine os limites da engenharia, mas tamb\u00e9m \u00e9 um tributo \u00e0 busca incessante pela [&hellip;]<\/p>\n","protected":false},"author":1,"featured_media":1170,"comment_status":"open","ping_status":"open","sticky":false,"template":"","format":"standard","meta":{"footnotes":""},"categories":[531],"tags":[495,496,497],"tipo_de_conteudo":[],"marca":[],"tipo_de_produto":[],"class_list":["post-1168","post","type-post","status-publish","format-standard","has-post-thumbnail","hentry","category-blog","tag-arquitetura-inovadora","tag-balneario-camboriu","tag-senna-tower"],"blocksy_meta":{"styles_descriptor":{"styles":{"desktop":"","tablet":"","mobile":""},"google_fonts":[],"version":8}},"_links":{"self":[{"href":"https:\/\/ferramentasparaconstrucao.com.br\/index.php?rest_route=\/wp\/v2\/posts\/1168","targetHints":{"allow":["GET"]}}],"collection":[{"href":"https:\/\/ferramentasparaconstrucao.com.br\/index.php?rest_route=\/wp\/v2\/posts"}],"about":[{"href":"https:\/\/ferramentasparaconstrucao.com.br\/index.php?rest_route=\/wp\/v2\/types\/post"}],"author":[{"embeddable":true,"href":"https:\/\/ferramentasparaconstrucao.com.br\/index.php?rest_route=\/wp\/v2\/users\/1"}],"replies":[{"embeddable":true,"href":"https:\/\/ferramentasparaconstrucao.com.br\/index.php?rest_route=%2Fwp%2Fv2%2Fcomments&post=1168"}],"version-history":[{"count":1,"href":"https:\/\/ferramentasparaconstrucao.com.br\/index.php?rest_route=\/wp\/v2\/posts\/1168\/revisions"}],"predecessor-version":[{"id":4463,"href":"https:\/\/ferramentasparaconstrucao.com.br\/index.php?rest_route=\/wp\/v2\/posts\/1168\/revisions\/4463"}],"wp:featuredmedia":[{"embeddable":true,"href":"https:\/\/ferramentasparaconstrucao.com.br\/index.php?rest_route=\/wp\/v2\/media\/1170"}],"wp:attachment":[{"href":"https:\/\/ferramentasparaconstrucao.com.br\/index.php?rest_route=%2Fwp%2Fv2%2Fmedia&parent=1168"}],"wp:term":[{"taxonomy":"category","embeddable":true,"href":"https:\/\/ferramentasparaconstrucao.com.br\/index.php?rest_route=%2Fwp%2Fv2%2Fcategories&post=1168"},{"taxonomy":"post_tag","embeddable":true,"href":"https:\/\/ferramentasparaconstrucao.com.br\/index.php?rest_route=%2Fwp%2Fv2%2Ftags&post=1168"},{"taxonomy":"tipo_de_conteudo","embeddable":true,"href":"https:\/\/ferramentasparaconstrucao.com.br\/index.php?rest_route=%2Fwp%2Fv2%2Ftipo_de_conteudo&post=1168"},{"taxonomy":"marca","embeddable":true,"href":"https:\/\/ferramentasparaconstrucao.com.br\/index.php?rest_route=%2Fwp%2Fv2%2Fmarca&post=1168"},{"taxonomy":"tipo_de_produto","embeddable":true,"href":"https:\/\/ferramentasparaconstrucao.com.br\/index.php?rest_route=%2Fwp%2Fv2%2Ftipo_de_produto&post=1168"}],"curies":[{"name":"wp","href":"https:\/\/api.w.org\/{rel}","templated":true}]}}